{"id":4478,"date":"2009-11-09T22:02:44","date_gmt":"2009-11-09T20:02:44","guid":{"rendered":"https:\/\/kishakatolikeshkoder.com\/udha-e-kryqit-ne-gjurmet-e-martireve-te-komunizmit-1946-1990\/"},"modified":"2020-11-10T12:24:35","modified_gmt":"2020-11-10T10:24:35","slug":"udha-e-kryqit-ne-gjurmet-e-martireve-te-komunizmit-1946-1990","status":"publish","type":"post","link":"https:\/\/kishakatolikeshkoder.com\/fr\/udha-e-kryqit-ne-gjurmet-e-martireve-te-komunizmit-1946-1990\/","title":{"rendered":"Sur les pas des martyrs du communisme (1946-1990)"},"content":{"rendered":"\n<h2 class=\"has-text-align-center wp-block-heading\"><strong>CHEMIN DE CROIX<\/strong><\/h2>\n\n\n\n<p class=\"has-text-align-center\"><strong>SUR LES PAS DES MARTYRS<\/strong><\/p>\n\n\n\n<p class=\"has-text-align-center\"><strong>DU COMMUNISME<\/strong><\/p>\n\n\n\n<p class=\"has-text-align-center\"><strong>(1946-1990)<\/strong><\/p>\n\n\n\n<p class=\"has-text-align-center\"><strong>DANS L\u2019EX PRISON DE LA S\u00c9CURITE D\u2019\u00c9TAT<\/strong><\/p>\n\n\n\n<p class=\"has-text-align-center\"><strong>&nbsp;\u00ab&nbsp;SIGURIMI&nbsp;\u00bb&nbsp; SHKODER<\/strong><\/p>\n\n\n\n<p class=\"has-text-align-center\"><strong>Sous la garde des s\u0153urs Clarisses<\/strong><\/p>\n\n\n\n<p class=\"has-text-align-center\"><strong>Monast\u00e8re \u00abSainte Claire\u00bb<\/strong><\/p>\n\n\n\n<p class=\"has-text-align-center\"><strong>Shkoder<\/strong><\/p>\n\n\n\n<p><strong>I STATION&nbsp;:&nbsp;<\/strong><a href=\"http:\/\/fr.wikipedia.org\/wiki\/J%C3%A9sus_de_Nazareth\"><strong>JESUS<\/strong><\/a><strong>&nbsp;EST CONDAMNE A MORT<\/strong><\/p>\n\n\n\n<p>&#8211; O Christ, nous Te louons et nous Te b\u00e9nissons<\/p>\n\n\n\n<p>&#8211; Parce que Tu as rachet\u00e9 le monde par ta sainte Croix.<\/p>\n\n\n\n<p><em>\u00ab&nbsp;Voici mon serviteur que je soutiens, mon \u00e9lu en qui mon \u00e2me se compla\u00eet. Sur lui repose mon esprit, il pr\u00e9sentera aux nations le droit\u00bb (Is 42, 1).<\/em><\/p>\n\n\n\n<p><strong>Dans une lettre de don Shtjefen Kurti au Pape Pie XII le 16.10-1946.<\/strong><\/p>\n\n\n\n<p><em>(Cur\u00e9 \u00e0 Tirana. Il fut arr\u00eat\u00e9 deux fois. La premi\u00e8re fois \u00e0 Tirana le 28-10-1946 et il fut&nbsp; condamn\u00e9 \u00e0 20 ans de prison, il en purgea 17 \u00e0 la prison de Burrel. La seconde fois il fut arr\u00eat\u00e9 \u00e0 Gurez en 1970, mis en prison il fut fusill\u00e9 un an apr\u00e8s).<\/em><\/p>\n\n\n\n<p>\u00ab&nbsp;Tr\u00e8s Saint P\u00e8re, [\u2026]La file des martyrs s\u2019agrandit chaque jour; dans les prisons des tortures terribles sont pratiqu\u00e9es envers tous sans distinction; des milliers d\u2019hommes, femmes, personnes \u00e2g\u00e9es et enfants, d\u00e9pouill\u00e9s de tout et affam\u00e9s sont d\u00e9port\u00e9s dans des camps de rel\u00e9gation, dans des lieux tr\u00e8s isol\u00e9s et malsains, dans des maisons sans fen\u00eatres, contraints \u00e0 travailler dur toute la journ\u00e9e pour un morceau de pain.<\/p>\n\n\n\n<p>Afin d\u2019affaiblir la constitution physique des prisonniers et de les faire mourir d\u2019\u00e9puisement et de tuberculose, un r\u00e9cent d\u00e9cret interdit aux familles de leur porter de la nourriture.<\/p>\n\n\n\n<p>Tr\u00e8s saint P\u00e8re, il y aurait encore beaucoup de choses \u00e0 vous dire, mais je dois \u00e9crire ces lignes en grande h\u00e2te par peur qu\u2019on ne me surprenne entrain d\u2019\u00e9crire.<\/p>\n\n\n\n<p>Prostr\u00e9 aux pieds de votre Saintet\u00e9, humblement je demande votre paternelle b\u00e9n\u00e9diction apostolique, b\u00e9n\u00e9diction pour moi, pour tout le clerg\u00e9, pour tout le peuple, afin que nous soyons soutenus dans la lutte pr\u00e9sente sans que notre foi d\u00e9faille.\u00bb<\/p>\n\n\n\n<p><strong>PRIONS<\/strong><\/p>\n\n\n\n<p>J\u00e9sus, doux et humble de c\u0153ur condamn\u00e9 injustement \u00e0 cause de nos p\u00e9ch\u00e9s: regarde-nous avec bont\u00e9, si souvent aveugles et insensibles, nous jugeons sans appel tant de nos fr\u00e8res, accorde-nous ton pardon. Par le Christ notre Seigneur. Amen.<\/p>\n\n\n\n<p><strong>II&nbsp;<\/strong><strong>STATION :&nbsp;<\/strong><strong>JESUS EST CHARGE DE SA CROIX<\/strong><\/p>\n\n\n\n<ul class=\"wp-block-list\"><li>O Christ, nous Te louons et nous Te b\u00e9nissons<\/li><li>Parce que Tu as rachet\u00e9 le monde par ta sainte Croix.<\/li><\/ul>\n\n\n\n<p><strong>\u00ab&nbsp;J\u2019ai tendu le dos \u00e0 ceux qui me frappaient, je n\u2019ai pas soustrait ma face aux outrages et aux crachats&nbsp;\u00bb (Is 50, 6).<\/strong><\/p>\n\n\n\n<p><strong>T\u00e9moignage sur le p\u00e8re Giovanni Fausti<\/strong><\/p>\n\n\n\n<p><em>(J\u00e9suite, il naquit \u00e0 Brescia en 1899. Dipl\u00f4m\u00e9 en th\u00e9ologie et philosophie, d\u00e9j\u00e0 en 1929 il fut envoy\u00e9 \u00e0 Shkoder comme professeur au S\u00e9minaire. Contraint \u00e0 rentrer en Italie en 1932 \u00e0 cause de sa sant\u00e9, dix ans apr\u00e8s il retourna en Albanie comme recteur du S\u00e9minaire Pontifical de Shkoder.<\/em><\/p>\n\n\n\n<p><em>Il fut arr\u00eat\u00e9 le 31 d\u00e9cembre 1945 avec le p\u00e8re Danjel Dajanis.j. Tous les deux furent accus\u00e9s d\u2019avoir favoris\u00e9 la formation d\u2019un groupe de r\u00e9sistance contre le communisme \u00e0 l\u2019int\u00e9rieur du S\u00e9minaire. Condamn\u00e9s \u00e0 mort, ils furent fusill\u00e9s le 4 mars 1946)<\/em><\/p>\n\n\n\n<p>Un d\u00e9tail tr\u00e8s \u00e9mouvant nous rappelle la Passion du Christ. En allant de la prison au tribunal le p\u00e8re Fausti fut objet de m\u00e9pris, d\u2019injures, couvert de crachats. Et cela pendant plusieurs jours, jusqu\u2019\u00e0 la fin du proc\u00e8s.<\/p>\n\n\n\n<p>Un jour le long de la route, une femme se d\u00e9tacha de la foule : elle avait les yeux rouges de sang et les cheveux \u00e9bouriff\u00e9s. \u00c0 l\u2019improviste elle avan\u00e7a et avec une voix rauque de col\u00e8re elle s\u2019\u00e9cria&nbsp;:-Une balle sur le front! &#8211;<\/p>\n\n\n\n<p>Et de sa bouche sale elle cracha sur le visage du p\u00e8re Fausti. Mais le p\u00e8re avait un esprit magnanime. Il r\u00e9pondit par une salutation en faisant un signe de t\u00eate et, suivant l\u2019exemple du Divin Ma\u00eetre, il dit&nbsp;: &#8211; &nbsp;Pardonne o P\u00e8re, car elle ne sait pas ce qu\u2019elle fait&nbsp;! &nbsp;-.<\/p>\n\n\n\n<p><strong>PRIONS<\/strong><\/p>\n\n\n\n<p>J\u00e9sus notre Seigneur, toi qui porte la croix sur tes \u00e9paules innocentes, pose ton regard sur tous les hommes qui ignorent la douleur et la fatigue de leurs fr\u00e8res. Accorde \u00e0 chacun de nous de pouvoir lutter et souffrir pour la lib\u00e9ration de l\u2019homme. Amen.<\/p>\n\n\n\n<p><strong>III STATION&nbsp;:&nbsp;<\/strong><strong>JESUS TOMBE POUR LA PREMIERE FOIS SOUS LE POIDS DE LA CROIX<\/strong><\/p>\n\n\n\n<ul class=\"wp-block-list\"><li>O Christ, nous Te louons et nous Te b\u00e9nissons<\/li><li>Parce que Tu as rachet\u00e9 le monde par ta sainte Croix.<\/li><\/ul>\n\n\n\n<p><strong>\u00ab&nbsp;Objet de m\u00e9pris, abandonn\u00e9 des hommes, homme de douleur, familier de la souffrance, comme quelqu\u2019un devant qui on se voile la face, m\u00e9pris\u00e9, nous n\u2019en faisions aucun cas&nbsp;\u00bb (Is 53,3).<\/strong><\/p>\n\n\n\n<p><strong>T\u00e9moignage de Mgr Fran ILLIA<\/strong><\/p>\n\n\n\n<p><em>(Il a surv\u00e9cu \u00e0 la pers\u00e9cution car sa condamnation \u00e0 mort avec le p\u00e8re Fausti et le p\u00e8re Dajanis.j., fut chang\u00e9e en une peine de prison et de travaux forc\u00e9s \u00e0 vie. Il fut nomm\u00e9 \u00e9v\u00eaque de Shkoder et consacr\u00e9 par le Pape Jean Paul II pendant sa visite en Albanie le 25 avril 1993. Il mourut en 1998).<\/em><\/p>\n\n\n\n<p>\u00ab&nbsp;Nous \u00e9tions si fatigu\u00e9s, \u00e9puis\u00e9s parles souffrances physiques et spirituelles \u00e0 tel point que pendant les interrogatoires nous ne savions plus que dire.<\/p>\n\n\n\n<p>Nous \u00e9tions oblig\u00e9s de r\u00e9pondre : Oui, oui, \u00e7a va bien! \u2013<\/p>\n\n\n\n<p>Nous acceptions les yeux ferm\u00e9s leurs affirmations. Le juge, dont je ne me souviens plus de sonnom ,\u00e9tait une personne tr\u00e8s arrogante et dure. Il nous inspirait la terreur et hurlait: &#8211; Vous \u00eates les ennemis du peuple&nbsp;! \u2013 Ils disaient que nous \u00e9tions des espions du Vatican. Pour ces accusations je fus condamn\u00e9 \u00e0 mort&nbsp;\u00bb.<\/p>\n\n\n\n<p><strong>PRIONS<\/strong><\/p>\n\n\n\n<p>Seigneur J\u00e9sus nous te prions pour nous tous qui retombons dans le p\u00e9ch\u00e9. Pose ton regard sur nous avec bont\u00e9, que ton amour compatissant nous sauve. Par Le Christ notre Seigneur. Amen.<\/p>\n\n\n\n<p><strong>IV STATION&nbsp;:&nbsp;<\/strong><strong>JESUS RENCONTRE SA MERE<\/strong><\/p>\n\n\n\n<ul class=\"wp-block-list\"><li>O Christ, nous Te louons et nous Te b\u00e9nissons<\/li><li>Parce que Tu as rachet\u00e9 le monde par ta sainte Croix.<\/li><\/ul>\n\n\n\n<p><strong>\u00ab&nbsp;Iles, \u00e9coutez-moi, soyez attentifs, peuples lointains&nbsp;! Le Seigneur m\u2019a appel\u00e9 d\u00e8s le sein maternel, d\u00e8s les entrailles de ma m\u00e8re il a prononc\u00e9 mon nom\u00bb (Is 49,1).<\/strong><\/p>\n\n\n\n<p><strong>T\u00e9moignage sur don Giuseppe Marxen<\/strong><\/p>\n\n\n\n<p><em>(Pr\u00eatre de nationalit\u00e9 allemande, n\u00e9 en 1906 dans la province de Cologne, missionnaire en Albanie. Arr\u00eat\u00e9 et tu\u00e9 \u00e0 l\u2019\u00e2ge de 40 ans).<\/em><\/p>\n\n\n\n<p>Arr\u00eat\u00e9 en 1946 par le r\u00e9gime parce que il \u00e9tait pr\u00eatre et en plus \u00e9tranger, don Zef Marxen fut enferm\u00e9 dans la prison de Tirana. Soumis \u00e0 d\u2019atroces tortures, il fut fusill\u00e9 accus\u00e9 d\u2019\u00eatre un agent de la Gestapo. Un compagnon de captivit\u00e9 raconte : \u00abNous tous qui l\u2019avions connu, avons eu beaucoup de peine. Pas seulement \u00e0 cause de son jeune \u00e2ge, mais aussi parce que c\u2019\u00e9tait une personne tr\u00e8s s\u00e9rieuse et charitable. Il n\u2019h\u00e9sitait pas \u00e0 porter de l\u2019aide \u00e0 un malade, et sa ration de vivres, il la partageait avec les prisonniers qui en avaient le plus besoin. Cet homme jouissait du respect de tous.<\/p>\n\n\n\n<p>Sa m\u00e8re dans la lointaine Allemagne a attendu pendant des ann\u00e9es son fils pr\u00eatre. Elle ne pouvait pas savoir qu\u2019on avait tu\u00e9 son fils innocent de tout mal. Il \u00e9tait venu servir l\u2019Albanie et il a \u00e9t\u00e9 tu\u00e9 sans aucun proc\u00e8s. Les derniers jours il disait \u00e0 l\u2019un de ses compagnons de cellule&nbsp;:&nbsp;\u00abJe suis content car les Albanais se souviendront toujours de moi comme d\u2019un pr\u00eatre fid\u00e8le au Christ.<\/p>\n\n\n\n<p><strong>PRIONS<\/strong><\/p>\n\n\n\n<p>Donne-nous J\u00e9sus par les pri\u00e8res de Ta sainte M\u00e8re, d\u2019imiter sa force d\u2019\u00e2me pour Te suivre sur le chemin du Calvaire. Par le Christ notre Seigneur. Amen.<\/p>\n\n\n\n<p><strong>V STATION:&nbsp;<\/strong><a href=\"http:\/\/fr.wikipedia.org\/wiki\/Simon_de_Cyr%C3%A8ne\"><strong>SIMON DE CYRENE<\/strong><\/a><strong>&nbsp;AIDE JESUS A PORTER SA CROIX<\/strong><\/p>\n\n\n\n<ul class=\"wp-block-list\"><li>O Christ, nous Te louons et nous Te b\u00e9nissons<\/li><li>Parce que Tu as rachet\u00e9 le monde par ta sainte Croix.<\/li><\/ul>\n\n\n\n<p><strong>\u00abMoi, le Seigneur, j\u2019ai fait de Toi l\u2019alliance du peuple et la lumi\u00e8re des nations\u00bb (Is 42, 6).<\/strong><\/p>\n\n\n\n<p><strong>T\u00e9moignage sur don Andre Zadeja<\/strong><\/p>\n\n\n\n<p><em>(N\u00e9 \u00e0 Shkoder en 1891, il \u00e9tudia en Italie et en Autriche. Ordonn\u00e9 pr\u00eatre en 1916, il fut par la suite nomm\u00e9 cur\u00e9 de Sheldi. Connu comme un grand pr\u00e9dicateur, don Zadeja a \u00e9t\u00e9 aussi \u00e9crivain, po\u00e8te et dramaturge. Accus\u00e9 d\u2019avoir parl\u00e9 dans ses hom\u00e9lies contre le communisme, il fut arr\u00eat\u00e9 et fusill\u00e9, le 25 mars 1945, le dimanche des Rameaux).<\/em><\/p>\n\n\n\n<p>Le 25 mars 1945, don Ndre Zadeja est conduit en dehors de la prison avec treize autres compagnons, en direction du lieu de l\u2019ex\u00e9cution.<\/p>\n\n\n\n<p>Tous les prisonniers \u00e9taient effray\u00e9s. Avant qu\u2019il quitte la prison ses compagnons pr\u00eatres, lui donn\u00e8rent la b\u00e9n\u00e9diction \u00e0 travers la petite porte de la prison. Don Ndre s\u2019agenouilla avec les autres. Au lieu de l\u2019ex\u00e9cution, derri\u00e8re le cimeti\u00e8re de Shkoder, don Toma La\u00e7aj s\u2019approcha d\u2019eux pour lui donner la derni\u00e8re absolution. Don Ndre le remercia parces mots&nbsp;:&nbsp;\u00abJe te remercie car tu es venu ici all\u00e9ger mes souffrances\u00bb. Peu apr\u00e8s, la ville de Shkoder put entendre les coups de kalachnikov qui tu\u00e8ren quatorze personnes.<\/p>\n\n\n\n<p><strong>PRIONS<\/strong><\/p>\n\n\n\n<p>Seigneur J\u00e9sus, enseigne-nous \u00e0 reconna\u00eetre le bien de celui qui est \u00e0 c\u00f4t\u00e9 de nous et \u00e0 accomplir des gestes de charit\u00e9 gratuite. Par le Christ notre Seigneur. Amen.<\/p>\n\n\n\n<p><strong>VI STATION:&nbsp;<\/strong><a href=\"http:\/\/fr.wikipedia.org\/wiki\/Sainte_V%C3%A9ronique\"><strong>VERONIQUE<\/strong><\/a><strong>&nbsp;ESSUIE LE VISAGE DE JESUS<\/strong><\/p>\n\n\n\n<ul class=\"wp-block-list\"><li>O Christ, nous Te louons et nous Te b\u00e9nissons<\/li><li>Parce que Tu as rachet\u00e9 le monde par ta sainte Croix.<\/li><\/ul>\n\n\n\n<p><strong>\u00abDe m\u00eame que des multitudes avaient \u00e9t\u00e9 saisies d\u2019\u00e9pouvante \u00e0 sa vue \u2013 car il n\u2019avait plus figure humaine, et son apparence n\u2019\u00e9tait plus celle d\u2019un homme \u00bb (Is 52, 14).<\/strong><\/p>\n\n\n\n<p><strong>&nbsp;T\u00e9moignage sur Maria Tuci<\/strong><\/p>\n\n\n\n<p><em>(N\u00e9e en 1928, elle fit ses \u00e9tudes \u00e0 l\u2019Institut des S\u0153urs&nbsp;<\/em>Stigmatines<em>, o\u00f9 elle entra comme&nbsp;<\/em>\u00abaspirante<em>\u00bb. Tr\u00e8s courageuse et d\u00e9termin\u00e9e dans ses convictions de foi, d\u00e8s la venue du communisme elle participa \u00e0 un groupe clandestin de R\u00e9sistance. Avec d\u2019autres jeunes des \u00e9coles catholiques et aussi des s\u00e9minaristes, elle distribuait des tracts contre les premiers \u00e9lections-farce du r\u00e9gime. De tr\u00e8s belle prestance, elle s\u2019opposa \u00e0 la violence qu\u2019on voulait lui faire durant sa captivit\u00e9. Pour cela elle fut soumise \u00e0 des tortures si horribles qu\u2019elle d\u00fbt \u00eatre transport\u00e9e \u00e0 l\u2019h\u00f4pital de Shkoder, o\u00f9 elle mourut le 24 octobre 1950).<\/em><\/p>\n\n\n\n<p>Le 10 aout Maria Tuci fut arr\u00eat\u00e9e avec d\u2019autres personnes de sa famille et emprisonn\u00e9e pendant un an \u00e0 Shkoder.<\/p>\n\n\n\n<p>En prison elle \u00e9tait constamment soumise \u00e0 des interrogatoires et battue jusqu\u2019\u00e0\u00eatre d\u00e9figur\u00e9e. Sa prison \u00e9tait un cachot sans lumi\u00e8re, sans air. Une fois par mois elle arrivait \u00e0recevoir de la part de sa maman &#8211; par l\u2019interm\u00e9diaire d\u2019un ami \u2013 du linge de rechange qu\u2019elle partageait avec sa compagne de cellule. Un t\u00e9moin raconte que dans les jours d\u2019hiver glacial elles restaient enlac\u00e9es pour avoir un peu chaud. Quand il pleuvait, l\u2019eau arrivait aux matelas et elles restaient mouill\u00e9es pendant des journ\u00e9es enti\u00e8res.<\/p>\n\n\n\n<p>Transport\u00e9e \u00e0 l\u2019h\u00f4pital dans des conditions tr\u00e8s graves, avant de mourir elle dit \u00e0 son amie Divida venue la visiter : \u00abLa parole de Hilmi Seiti (son pers\u00e9cuteur)&nbsp;s\u2019est r\u00e9alis\u00e9e:&nbsp;<em>Je vais te r\u00e9duire dans un tel \u00e9tat que m\u00eame les personnes de ta famille ne pourront pas te reconna\u00eetre&nbsp;!..<\/em>.Je remercie Dieu car je meurs libre!\u00bb.<\/p>\n\n\n\n<p><strong>PRIONS<\/strong><\/p>\n\n\n\n<p>O Christ notre Seigneur, Image du P\u00e8re, fais que nous sachions Te reconna\u00eetre dans le visage de nos fr\u00e8res, dans leur visage souvent d\u00e9figur\u00e9 par la souffrance, par la douleur, par la d\u00e9ception, par la peur, et aide nous \u00e0 essuyer avec compassion et d\u00e9licatesse leur larmes. Par le Christ notre Seigneur. Amen.<\/p>\n\n\n\n<p><strong>VII STATION&nbsp;:&nbsp;<\/strong><strong>JESUS TOMBE POUR LA DEUXIEME FOIS<\/strong><\/p>\n\n\n\n<ul class=\"wp-block-list\"><li>O Christ, nous Te louons et nous Te b\u00e9nissons<\/li><li>Parce que Tu as rachet\u00e9 le monde par ta sainte Croix.<\/li><\/ul>\n\n\n\n<p><strong>\u00abOr ce sont nos souffrances qu\u2019il portait et nos douleurs dont il \u00e9tait charg\u00e9. Et nous, nous le consid\u00e9rions comme puni, frapp\u00e9 par Dieu et humili\u00e9\u00bb (Is 53, 4).<\/strong><\/p>\n\n\n\n<p><strong>T\u00e9moignage sur Pjeter \u00c7uni<\/strong><\/p>\n\n\n\n<p><em>(N\u00e9 \u00e0 Shkoder, en 1914, il \u00e9tudia \u00e0 Rome jusqu\u2019\u00e0 l\u2019ordination sacerdotale qui eut lieu dans la Basilique Saint Pierre en 1940. Rentr\u00e9 en Albanie, il fut nomm\u00e9 cur\u00e9 \u00e0 Shkrel et \u00e0Rrjoli, o\u00f9 il se fit remarquer par son attention et son d\u00e9vouement dans son minist\u00e8re pastoral et aussi par son amabilit\u00e9 envers tous dans ses relations. Il apporta une remarquable contribution \u00e0 la revue dioc\u00e9saine \u00abKumbona e se dieles\u00bb (La cloche du dimanche)et r\u00e9alisa diff\u00e9rentes traductions gr\u00e2ce \u00e0 sa tr\u00e8s bonne connaissance de la langue italienne. Tout jeune cur\u00e9, en juillet 1948, il fut arr\u00eat\u00e9 sans accusation ni proc\u00e8s et apr\u00e8s cinq mois, il fut ex\u00e9cut\u00e9).<\/em><\/p>\n\n\n\n<p>Un cousin raconte:<strong>&nbsp;\u00ab<\/strong>Don Pjeter se pr\u00e9parait depuis longtemps \u00e0 affronter son Calvaire. Nous parlions de condamnations, de fusillades qui augmentaient chaque jour. Il me dit : \u00ab Il semble que le Crist ait d\u00e9cid\u00e9 que je sois parmi les derniers!\u00bb<\/p>\n\n\n\n<p>Peu de temps apr\u00e8s cette rencontre qui avait eu lieu chez moi, un matin un agent de la S\u00e9curit\u00e9 l\u2019arr\u00eata dans la rue, en lui demandant qui il \u00e9tait, bien qu\u2019il conn\u00fbt son identit\u00e9.<\/p>\n\n\n\n<p>Il comprit que son moment \u00e9tait arriv\u00e9.<\/p>\n\n\n\n<p>Le jour m\u00eame il repartit en bicyclette pour Koplik, le chef-lieu de sa paroisse. On l\u2019arr\u00eata sans aucun motif. Il fut li\u00e9 et conduit \u00e0 Koplik.<\/p>\n\n\n\n<p>L\u00e0, avec don Aleksander Sirdani, ils furent ligot\u00e9s et hiss\u00e9s sur deux \u00e2nes.<\/p>\n\n\n\n<p>On les tra\u00eena ainsi tout au tour de la ville, tandis qu\u2019on les couvrait d\u2019injures et d\u2019accusations.<\/p>\n\n\n\n<p><strong>PRIONS<\/strong><\/p>\n\n\n\n<p>Seigneur J\u00e9sus, souviens Toi des chr\u00e9tiens qui dans tous les continents t\u00e9moignent de Toi dans les pers\u00e9cutions et qui meurent martyrs pour la foi. Que leur sang soit une semence de nouveaux chr\u00e9tiens et signe pour nous de Ta pr\u00e9sence \u00e9ternelle. Par le Christ notre Seigneur. Amen.<\/p>\n\n\n\n<p><strong>VIII STATION:&nbsp;<\/strong><strong>JESUS RENCONTRE LES FEMMES DE JERUSALEM QUI PLEURENT<\/strong><\/p>\n\n\n\n<ul class=\"wp-block-list\"><li>O Christ, nous Te louons et nous Te b\u00e9nissons<\/li><li>Parce que Tu as rachet\u00e9 le monde par ta sainte Croix.<\/li><\/ul>\n\n\n\n<p><strong>\u00abIl portait le p\u00e9ch\u00e9 des multitudes et il interc\u00e9dait pour les criminels\u00bb (Is 53,12).<\/strong><\/p>\n\n\n\n<p><strong>T\u00e9moignage du P\u00e8re Zef Pllumi, o.f.m.<\/strong><\/p>\n\n\n\n<p><em>(N\u00e9 \u00e0 Lezhe en 1924, il est mort en2007. Homme d\u2019une grande culture, il a surv\u00e9cu \u00e0 la pers\u00e9cution apr\u00e8s avoir subi 25 ans de prison et de travaux forc\u00e9s).<\/em><\/p>\n\n\n\n<p>\u00abPour la P\u00e2que de 1949, dans ma cellule 7 il y eut un \u00e9v\u00e9nement d\u2019une joie indescriptible: le Christ entra pour nous renforcer dans la foi! Voici ce qui arriva.<\/p>\n\n\n\n<p>Le p\u00e8re Leon Kabashi, fr\u00e8re mineur, demanda une paire de babouches \u00e0 sa s\u0153ur Rosa qui \u00e9tait venue le voir. Il r\u00e9ussit \u00e0 lui dire: \u201cDans les babouches mets-nous le cadeau de P\u00e2que!\u201dLes policiers et les espions qui entendirent ces paroles ne comprirent pas qu\u2019il demandait les hosties consacr\u00e9es pour la communion. \u00c0 P\u00e2que le p\u00e8re Leon eu la possibilit\u00e9 de rencontrer sa s\u0153ur qui lui remit les babouches. Nous les ouvr\u00eemes en cachette: dedans il y avait un corporal avec 50 hosties! Je tombai \u00e0 genoux.<\/p>\n\n\n\n<p>Je repensai \u00e0 Saint Tarcisio, martyr de la communion au temps de catacombes&#8230;<\/p>\n\n\n\n<p><em>Agneau de Dieu qui enl\u00e8ve les p\u00e9ch\u00e9s du monde, aies piti\u00e9 de nous!&nbsp;<\/em><\/p>\n\n\n\n<p>Au XX si\u00e8cle les m\u00eames sc\u00e8nes des catacombes romaines se r\u00e9p\u00e8tent\u00bb.<\/p>\n\n\n\n<p><strong>PRIONS<\/strong><\/p>\n\n\n\n<p>Seigneur J\u00e9sus donne-nous la gr\u00e2ce de nous convertir&nbsp; et le courage de savoir risquer pour ton nom. Par le Christ notre Seigneur. Amen.<\/p>\n\n\n\n<p><strong>IX STATION: JESUS TOMBE POUR LA TROISIEME FOIS<\/strong><\/p>\n\n\n\n<ul class=\"wp-block-list\"><li>O Christ, nous Te louons et nous te b\u00e9nissons<\/li><li>Parce que Tu as rachet\u00e9 le monde par ta sainte Croix.<\/li><\/ul>\n\n\n\n<p><strong>\u00abPar contrainte et jugement il a \u00e9t\u00e9 saisi, parmi ses contemporains qui s\u2019est inqui\u00e9t\u00e9 qu\u2019il ait \u00e9t\u00e9 retranch\u00e9 de la terre des vivants, qu\u2019il ait \u00e9t\u00e9 frapp\u00e9 pour le crime de son peuple?\u00bb (Is.53, 8).<\/strong><\/p>\n\n\n\n<p><strong>T\u00e9moignage de Don Mikel Beltoja<\/strong><\/p>\n\n\n\n<p><em>(Aid\u00e9 par Mgr Ernest \u00c7oba, il \u00e9tudia la philosophie et la th\u00e9ologie. Il fut ordonn\u00e9 pr\u00eatre \u00e0 Shkoder en 1961tandisque le r\u00e9gime proc\u00e9dait \u00e0 la totale destruction de l\u2019Eglise catholique et de ses structures. Le19 avril 1973, il fut arr\u00eat\u00e9 et tortur\u00e9 pendant 4 mois. Au cours du proc\u00e8s o\u00f9 il sera condamn\u00e9 \u00e0 mort, don Mikel n\u2019a pas eu peur de parler jusqu\u2019\u00e0 la fin contre le communisme, ennemi jur\u00e9 de la foi et de la nation. Il paiera de sa vie pour avoir parl\u00e9 avec passion et audace en d\u00e9fendant le clerg\u00e9 et les intellectuels que le r\u00e9gime avait d\u00e9j\u00e0 \u00e9limin\u00e9s f\u00e9rocement).<\/em><\/p>\n\n\n\n<p>Tous les t\u00e9moins oculaires ont racont\u00e9 que don Mikel \u00e9tait un vrai&nbsp;<strong>\u00ab<\/strong>soldat\u00bb du Christ : courageux et plein de z\u00e8le pour la cause de Dieu, d\u00e9cid\u00e9 et irr\u00e9pr\u00e9hensible, pr\u00eat \u00e0 tout pour le service de Dieu et de ses fr\u00e8res. Pour cette raison, les communistes l\u2019\u00e9piaient et le surveillaient de pr\u00e8s. Un jour les agents de la s\u00e9curit\u00e9 sont entr\u00e9s dans sa maison et ont fait une perquisition minutieuse. Ils prirent tout ce qu\u2019ils trouvaient : ornements, livres liturgiques, images et autres objets sacr\u00e9s. Ensuite ils le rejoignirent pour l\u2019arr\u00eater devant l\u2019\u00e9glise de Beltoja d\u00e9j\u00e0 transform\u00e9e en centre culturel.<\/p>\n\n\n\n<p>On le poussa avec violence dans la voiture. Lui, tranquillement salua tous ceux qui assistaient \u00e0 la sc\u00e8ne \u2026mais tous avaient peur de lui r\u00e9pondre et l\u2019accompagn\u00e8rent seulement du regard.<\/p>\n\n\n\n<p>Sa maison fut surveill\u00e9e par des gardes arm\u00e9s qui, apr\u00e8s avoir tout r\u00e9quisitionn\u00e9, rassembl\u00e8rent toutes les personnes en les contraignant \u00e0 l\u2019accuser comme un des pires r\u00e9actionnaires du peuple.<\/p>\n\n\n\n<p><strong>PRIONS<\/strong><\/p>\n\n\n\n<p>Seigneur, fais nous comprendre que c\u2019est seulement en partageant la douleur de Ta passion que nous pourrons voir surgir en nous le soleil de ta R\u00e9surrection. Par notre Seigneur J\u00e9sus Christ. Amen.<\/p>\n\n\n\n<p><strong>X STATION&nbsp;: JESUS EST DEPOUILLE DE SES VETEMENTS<\/strong><\/p>\n\n\n\n<ul class=\"wp-block-list\"><li>O Christ, nous te louons et nous te b\u00e9nissons<\/li><li>Parce que tu as rachet\u00e9 le monde par ta sainte Croix<\/li><\/ul>\n\n\n\n<p><strong>\u00abMaltrait\u00e9, il s\u2019humiliait, il n\u2019ouvrait pas la bouche, comme l\u2019agneau qui se laisse mener \u00e0 l\u2019abattoir, comme devant les tondeurs une brebis muette, il n\u2019ouvrait pas la bouche\u00bb(Is. 53,7).<\/strong><\/p>\n\n\n\n<p><strong>T\u00e9moignage sur Don DedeMa\u00e7aj<\/strong><\/p>\n\n\n\n<p>(<em>N\u00e9 en 1920, il \u00e9tudia au s\u00e9minaire pontifical de Shkoder et compl\u00e9ta ses \u00e9tudes de philosophie et de th\u00e9ologie \u00e0 Rome. Jeune pr\u00eatre il revint \u00e0 Shkoder pour accomplir le service de cur\u00e9 entre Rragam et Sheldi, o\u00f9 l\u2019avait pr\u00e9c\u00e9d\u00e9 don Ndre Zadeja.<\/em><\/p>\n\n\n\n<p><em>Il fut arr\u00eat\u00e9 en 1947 par un proc\u00e8s-farce et il subit le m\u00eame sort que ses compagnons pr\u00eatres, il fut condamn\u00e9 et peu apr\u00e8s fusill\u00e9).<\/em><\/p>\n\n\n\n<p>\u00abIl fut conduit en dehors de la salle du jugement. Le tribunal rendit une sentence d\u00e9finitive sans appel. Sentence d\u2019une condamnation \u00e0 mort \u00e0 ex\u00e9cuter sur le champ. Il lui fut permis d\u2019exprimer son dernier d\u00e9sir.<\/p>\n\n\n\n<p>Il dit :- Je n\u2019ai aucun d\u00e9sir sinon celui que vous connaissez bien, vous qui m\u2019avez condamn\u00e9 sans aucune culpabilit\u00e9. Ils l\u2019emmen\u00e8rent en dehors de la zone militaire, dans une prairie pr\u00e8s du fleuve Vjosa. Ils le d\u00e9pouill\u00e8rent de ses v\u00eatements comme ils avaient fait \u00e0 J\u00e9sus et un peloton de soldats tir\u00e8rent sur lui. Mais il ne tombait pas \u00e0 terre. Ils tir\u00e8rent encore une fois mais don Dede resta debout. Le bourreau, plein de col\u00e8re parce qu\u2019il n\u2019avait pas r\u00e9ussi d\u2019un seul coup \u00e0 \u00e9tendre \u00e0 terre ce h\u00e9ros valeureux, donna l\u2019ordre pour la troisi\u00e8me fois de tirer. Mais cette fois il n\u2019attendit pas. Il tomba et salua la m\u00e8re terre de son sang\u00bb.<\/p>\n\n\n\n<p><strong>PRIONS<\/strong><\/p>\n\n\n\n<p>Seigneur J\u00e9sus Christ fais que nous nous d\u00e9tachions de ce qui n\u2019est pas digne afin de rev\u00eatir la tunique blanche que Tu nous as acquise par ta Croix. Par le Christ Notre Seigneur. Amen.<\/p>\n\n\n\n<p><strong>XI STATION&nbsp;: JESUS EST CLOUE SUR LA CROIX.<\/strong><\/p>\n\n\n\n<ul class=\"wp-block-list\"><li>O Christ nous te louons et nous te b\u00e9nissons<\/li><li>Parce que tu as rachet\u00e9 le monde par ta sainte Croix.<\/li><\/ul>\n\n\n\n<p><strong>\u00abMais lui, il a \u00e9t\u00e9 transperc\u00e9 \u00e0 cause de nos crimes, \u00e9cras\u00e9 \u00e0 cause de nos fautes. Le ch\u00e2timent qui nous rend la paix est sur lui, et dans ses blessures nous trouvons la gu\u00e9rison\u00bb (Is 53, 5).<\/strong><\/p>\n\n\n\n<p><strong>T\u00e9moignage de Don Anton Muzaj<\/strong><\/p>\n\n\n\n<p><em>(N\u00e9 en 1919, il fit ses \u00e9tudes au s\u00e9minaire pontifical de Shkoder. Il compl\u00e9ta ses \u00e9tudes de th\u00e9ologie \u00e0 Rome. En 1946 il revint \u00e0 Shkoder, alors que la pers\u00e9cution communiste avait d\u00e9j\u00e0 commenc\u00e9e. Il fut arr\u00eat\u00e9 en 1947 accus\u00e9 d\u2019\u00eatre un espion du Vatican. Il n\u2019avait que 29 ans).<\/em><\/p>\n\n\n\n<p>C\u2019\u00e9tait en octobre 1947 que don Anton Muzaj et le p\u00e8re Fran Kiri furent arr\u00eat\u00e9s et soumis \u00e0 de terribles tortures. Ils furent contraints \u00e0 rester debout, le nez contre le mur, les mains et les pieds li\u00e9s et cela pendant des journ\u00e9es et des nuits enti\u00e8res, tandis que la soif torturait leurs souffrances.<\/p>\n\n\n\n<p>Plusieurs fois par jour, deux prisonniers, \u00e0 tour de r\u00f4le, lavaient le corridor de la prison, tr\u00e8s souvent couvert de sang. Don Anton leur demandait de ne pas essuyer cette eau, pour pouvoir la boire. Et tout de suite ils se jetaient \u00e0 terre pour l\u00e9cher comme des chiens les quelques gouttes du plancher mouill\u00e9.<\/p>\n\n\n\n<p>Il en \u00e9tait arriv\u00e9 \u00e0 un point, o\u00f9 il ne pouvait plus se tenir sur ses pieds, et pour cette raison il \u00e9tait encore davantage battu. Souvent on lui jetait de l\u2019eau glac\u00e9e et on l\u2019exposait entre porte et fen\u00eatres, aux courants d\u2019air glacials des mois d\u2019hiver. Il attrapa la tuberculose<\/p>\n\n\n\n<p>Apr\u00e8s le proc\u00e8s, les juges virent l\u2019\u00e9tat dans lequel il \u00e9tait r\u00e9duit et comprirent qu\u2019il n\u2019avait pas longtemps \u00e0 vivre. Pour cette raison ils ne le condamn\u00e8rent pas \u00e0 mort. \u00c0 ses compagnons de prison il dit : si un jour vous rencontrez quelqu\u2019un de ma famille, dites lui que je suis innocent et que je meurs uniquement \u00e0 cause de ma foi en Christ.<\/p>\n\n\n\n<p><strong>PRIONS<\/strong><\/p>\n\n\n\n<p>O Christ notre Dieu, sur la Croix Tu es mort pour notre salut, donne nous ainsi qu\u2019au monde la Paix qui vient de Toi. Par le Christ Notre Seigneur. Amen.<\/p>\n\n\n\n<p><strong>XII STATION: &#8211; JESUS MEURT SUR LA CROIX<\/strong><\/p>\n\n\n\n<ul class=\"wp-block-list\"><li>O Christ, nous te louons et nous te b\u00e9nissons<\/li><li>Parce que tuas rachet\u00e9 le monde par ta sainte Croix.<\/li><\/ul>\n\n\n\n<p><strong>\u00abJe fais de toi la lumi\u00e8re des nations pour que mon salut atteigne aux extr\u00e9mit\u00e9s de la terre<\/strong>.\u00bb&nbsp;<strong>(Is 49,6).<\/strong><\/p>\n\n\n\n<p><strong>T\u00e9moignage sur don Alexander Sirdani<\/strong><\/p>\n\n\n\n<p><em>(N\u00e9 \u00e0 Shkoder en 1892, tr\u00e8s jeune il resta orphelin de m\u00e8re. Il \u00e9tudia \u00e0 Shkoder au Coll\u00e8ge des J\u00e9suites et il continua ses \u00e9tudes en Autriche. Ordonn\u00e9 pr\u00eatre en 1916, il exer\u00e7a son service de cur\u00e9 dans diff\u00e9rents villages de Shkoder. Homme de pri\u00e8re et artisan de paix, il intervenait dans des situations de conflits et de vengeance dans les familles. On le remarqua pour sa sagesse et sa noblesse d\u2019\u00e2me.<\/em><\/p>\n\n\n\n<p><em>En1948il fut arr\u00eat\u00e9 et conduit \u00e0 Koplik. Soumis \u00e0 d\u2019atroces tortures pendant cinq mois, il fut ex\u00e9cut\u00e9 avec don Pjeter \u00c7uni).<\/em><\/p>\n\n\n\n<p>Homme au langage \u00e9loquent, don Aleksander \u00e9tait tr\u00e8s clair et ses sermons appropri\u00e9s. Parlant avec des mots simples et compr\u00e9hensibles pour tous, il transmettait les enseignements de la sagesse chr\u00e9tienne et, sans crainte il r\u00e9futait les th\u00e9ories mat\u00e9rialistes et discr\u00e9ditait devant tout le monde les id\u00e9es antichr\u00e9tiennes du communisme ath\u00e9e. Il r\u00e9p\u00e9tait que&nbsp;<em>seul l\u00e0 o\u00f9 il y a l\u2019Esprit du Seigneur, il y a la libert\u00e9!<\/em><\/p>\n\n\n\n<p>Des t\u00e9moins racontent qu\u2019un jour, apr\u00e8s son sermon, les agents au service du r\u00e9gime le conduisirent dehors \u00e0 cot\u00e9 d\u2019une croix, et avec une grande col\u00e8re et vulgarit\u00e9 le critiqu\u00e8rent et le menac\u00e8rent devant le peuple.<\/p>\n\n\n\n<p>Don Aleksander, avec son habituelle tranquillit\u00e9 d\u2019esprit, dit : \u00abFrappez. Je reste ici : Je donne ma vie pour le Christ&nbsp;!\u00bb<\/p>\n\n\n\n<p>Alors quelqu\u2019un le supplia&nbsp;:Non, don Aleksander, ainsi tu vas \u00e0 ta ruine et nous avec!<\/p>\n\n\n\n<p>Il r\u00e9pondit : T\u00e9moigner du Christ est un honneur pour moi et pour vous. J\u2019ai pr\u00each\u00e9 et je ne pr\u00eacherai que la foi au Christ&nbsp;! &#8211;<\/p>\n\n\n\n<p><strong>PRIONS<\/strong><\/p>\n\n\n\n<p>Seigneur J\u00e9sus, mort pour tous sur la Croix, aies piti\u00e9 de nous, cr\u00e9atures mortelles. A l\u2019heure de la mort viens \u00e0 notre rencontre. Porte-nous sur Tes \u00e9paules \u00e0 la rencontre du P\u00e8re, Toi qui as lav\u00e9 nos p\u00e9ch\u00e9s dans ton sang tr\u00e8s pr\u00e9cieux. Amen.<\/p>\n\n\n\n<p><strong>XIII STATION&nbsp;:<\/strong><strong>JESUS EST&nbsp;<\/strong><a href=\"http:\/\/fr.wikipedia.org\/wiki\/Descente_de_la_croix\"><strong>DETACHE DE LA CROIX<\/strong><\/a><\/p>\n\n\n\n<ul class=\"wp-block-list\"><li>O Christ nous te louons et nous te b\u00e9nissons<\/li><li>Parce que tuas rachet\u00e9 le monde par ta sainte Croix.<\/li><\/ul>\n\n\n\n<p><strong>\u00ab&nbsp;A la suite de l\u2019\u00e9preuve endur\u00e9e par son \u00e2me, il verra la lumi\u00e8re et il sera combl\u00e9. Par sa connaissance, le juste, mon serviteur, justifiera les multitudes en s\u2019accablant lui-m\u00eame de leurs fautes\u00bb (Is 53, 11).<\/strong><\/p>\n\n\n\n<p>T<strong>\u00e9moignage du p\u00e8re Anton Luli<\/strong><\/p>\n\n\n\n<p><em>(J\u00e9suite, du m\u00eame \u00e2ge que Jean Paul II. Il surv\u00e9cut au communisme et donna un t\u00e9moignage \u00e0 Saint Pierre lors de ses 50 ans de sacerdoce qu\u2019il f\u00eatait avec le Pape. Il mourut en 1998).<\/em><\/p>\n\n\n\n<p>\u00ab&nbsp;Dans les locaux de la S\u00e9curit\u00e9 les tortures morales et physiques \u00e9taient terribles et insupportables. Dans la m\u00eame prison il y avait avec moi deux autres pr\u00eatres que je connaissais tr\u00e8s bien.<\/p>\n\n\n\n<p>Ils ne r\u00e9sist\u00e8rent que quelques jours aux tortures. Je le sentais crier au secours, ils demandaient de l\u2019eau \u00e0 boire, mais personne ne leur en donnait. Le premier, don Aleksander Sirdani, r\u00e9sista trois jours. Le deuxi\u00e8me, don Pjeter \u00c7uni, jeune, fut tortur\u00e9 avec le courant \u00e9lectrique.<\/p>\n\n\n\n<p>Moi, j\u2019\u00e9tais fatigu\u00e9 de vivre et je d\u00e9sirais la mort. Quand les policiers venaient me chercher je leur disais que j\u2019aurais \u00e9t\u00e9 reconnaissant s\u2019ils m\u2019avaient tir\u00e9 une balle sur le front pour mettre fin \u00e0 mes terribles souffrances\u00bb.<\/p>\n\n\n\n<p><strong>PRIONS<\/strong><\/p>\n\n\n\n<p>Dans tes plaies, o J\u00e9sus, nous venons nous refugier. Sauve-nous du malin qui nous assaille. Lib\u00e8re nous de tout mal. Rends nous victorieux des t\u00e9n\u00e8bres qui semblent dominer et vaincre la lumi\u00e8re de nos journ\u00e9es. Par le Christ notre Seigneur. Amen.<\/p>\n\n\n\n<p><strong>XIV STATION: JESUS EST ENSEVELI<\/strong><\/p>\n\n\n\n<ul class=\"wp-block-list\"><li>O Christ, nous te louons et nous te b\u00e9nissons<\/li><li>Parce que tuas rachet\u00e9 le monde par ta sainte Croix.<\/li><\/ul>\n\n\n\n<p>\u00ab<strong>On lui a donn\u00e9 un s\u00e9pulcre avec les impies et sa tombe est avec le riche, bien qu\u2019il n\u2019ait pas commis de violence et qu\u2019il n\u2019y ait pas eu de tromperie dans sa bouche\u00bb (Is 53,9).<\/strong><\/p>\n\n\n\n<p><strong>A partir d\u2019un t\u00e9moignage sur le p\u00e8re Serafin Koda,o.f.m.<\/strong><\/p>\n\n\n\n<p><em>(N\u00e9 en 1893, il entra dans l\u2019Ordre des Fr\u00e8res mineurs en 1909. Ordonn\u00e9 pr\u00eatre, en 1915 il devient \u00abd\u00e9finiteur\u00bbprovincial dans diff\u00e9rents villages. Il \u00e9tait cur\u00e9 \u00e0 Lezhe quand il fut arr\u00eat\u00e9 et tortur\u00e9 d\u2019une mani\u00e8re barbare \u00e0 cause d\u2019une fausse accusation, apr\u00e8s avoir particip\u00e9 \u00e0 une r\u00e9union de la Province franciscaine. Il mourut le 11&nbsp; mai 1947, \u00e0 54 ans).<\/em><\/p>\n\n\n\n<p>Le P\u00e8re Serafin, homme d\u2019une grande prudence et bont\u00e9, estim\u00e9 par tout le monde \u00e0 cause de sa sagesse et de son courage, \u00e9tait infatigable dans sa mission de pr\u00eatre et de cur\u00e9. Dans l\u2019exercice de son minist\u00e8re il n\u2019avait peur de rien, ni de personne. Il fut arr\u00eat\u00e9 par la S\u00e9curit\u00e9 dans le couvent franciscain de Lexhe: c\u2019\u00e9tait le jour de sa f\u00eate, le 12 octobre 1946.<\/p>\n\n\n\n<p>Il fut mis en prison dans les \u00e9tables du couvent qui avaient \u00e9t\u00e9 r\u00e9quisitionn\u00e9es par le r\u00e9gime et transform\u00e9es en h\u00f4pital.<\/p>\n\n\n\n<p>On le tortura en l\u2019immergeant jusqu\u2019au cou dans un bidon d\u2019eau<\/p>\n\n\n\n<p>On lui enfon\u00e7a les ongles dans la gorge jusqu\u2019\u00e0 lui casser la trach\u00e9e.<\/p>\n\n\n\n<p>Celui qui se trouvait \u00e0 son cot\u00e9 raconte que pendant qu\u2019on le transportait de la prison \u00e0 l\u2019infirmerie \u2013 toujours \u00e0 l\u2019int\u00e9rieur du couvent &#8211; le p\u00e8re Serafin s\u2019adressa \u00e0 la Vierge avec cette pri\u00e8re<\/p>\n\n\n\n<p>\u00ab&nbsp;O Sainte Vierge Marie, accomplit vite ton travail!\u00bb<\/p>\n\n\n\n<p><strong>PRIONS<\/strong><\/p>\n\n\n\n<p>J\u00e9sus notre sauveur, Toi qui est pass\u00e9 par la mort pour nous donner la vie immortelle, donne \u00e0 tous nos fr\u00e8res d\u00e9funts la joie et la paix \u00e9ternelle. Par le Christ notre Seigneur. Amen.<\/p>\n\n\n\n<p><strong>CONCLUSION.<\/strong><\/p>\n\n\n\n<p><em>Le sang de tes martyrs, Seigneur,<\/em><\/p>\n\n\n\n<p><em>est devenu la semence de l\u2019Eglise.<\/em><\/p>\n\n\n\n<p><em>Rends nous dignes de recueillir l\u2019h\u00e9ritage de ces fr\u00e8res qui nous ont pr\u00e9c\u00e9d\u00e9s dans la foi et fais que leur t\u00e9moignage soit toujours pour nous un exemple et un guide dans les joies et dans les difficult\u00e9s de la vie.<\/em><\/p>\n\n\n\n<p><em>Donne-nous la certitude que m\u00eame sous les d\u00e9combres de l\u2019homme, Toi, \u00f4 Seigneur, Tu peux toujours reconstruire et faire revivre.<\/em><\/p>\n\n\n\n<p><em>Par le Christ notre Seigneur. Amen.<\/em><\/p>\n","protected":false},"excerpt":{"rendered":"<p>CHEMIN DE CROIX SUR LES PAS DES MARTYRS DU COMMUNISME (1946-1990) DANS L\u2019EX PRISON DE&#8230;<\/p>\n","protected":false},"author":2,"featured_media":4479,"comment_status":"closed","ping_status":"open","sticky":false,"template":"","format":"standard","meta":{"_monsterinsights_skip_tracking":false,"_monsterinsights_sitenote_active":false,"_monsterinsights_sitenote_note":"","_monsterinsights_sitenote_category":0,"_uf_show_specific_survey":0,"_uf_disable_surveys":false,"footnotes":""},"categories":[638],"tags":[],"class_list":{"0":"post-4478","1":"post","2":"type-post","3":"status-publish","4":"format-standard","5":"has-post-thumbnail","7":"category-udha-e-kryqit-ne-gjurmet-e-martireve-te-komunizmit-1946-1990-fr"},"aioseo_notices":[],"amp_enabled":true,"menu_order":0,"_links":{"self":[{"href":"https:\/\/kishakatolikeshkoder.com\/fr\/wp-json\/wp\/v2\/posts\/4478","targetHints":{"allow":["GET"]}}],"collection":[{"href":"https:\/\/kishakatolikeshkoder.com\/fr\/wp-json\/wp\/v2\/posts"}],"about":[{"href":"https:\/\/kishakatolikeshkoder.com\/fr\/wp-json\/wp\/v2\/types\/post"}],"author":[{"embeddable":true,"href":"https:\/\/kishakatolikeshkoder.com\/fr\/wp-json\/wp\/v2\/users\/2"}],"replies":[{"embeddable":true,"href":"https:\/\/kishakatolikeshkoder.com\/fr\/wp-json\/wp\/v2\/comments?post=4478"}],"version-history":[{"count":1,"href":"https:\/\/kishakatolikeshkoder.com\/fr\/wp-json\/wp\/v2\/posts\/4478\/revisions"}],"predecessor-version":[{"id":4480,"href":"https:\/\/kishakatolikeshkoder.com\/fr\/wp-json\/wp\/v2\/posts\/4478\/revisions\/4480"}],"wp:featuredmedia":[{"embeddable":true,"href":"https:\/\/kishakatolikeshkoder.com\/fr\/wp-json\/wp\/v2\/media\/4479"}],"wp:attachment":[{"href":"https:\/\/kishakatolikeshkoder.com\/fr\/wp-json\/wp\/v2\/media?parent=4478"}],"wp:term":[{"taxonomy":"category","embeddable":true,"href":"https:\/\/kishakatolikeshkoder.com\/fr\/wp-json\/wp\/v2\/categories?post=4478"},{"taxonomy":"post_tag","embeddable":true,"href":"https:\/\/kishakatolikeshkoder.com\/fr\/wp-json\/wp\/v2\/tags?post=4478"}],"curies":[{"name":"wp","href":"https:\/\/api.w.org\/{rel}","templated":true}]}}